{"id":3937,"date":"2026-09-03T13:00:55","date_gmt":"2026-09-03T11:00:55","guid":{"rendered":"https:\/\/www.henrifrick.be\/?p=3937"},"modified":"2026-09-03T13:08:55","modified_gmt":"2026-09-03T11:08:55","slug":"reunion-de-rentree-primaires","status":"publish","type":"post","link":"https:\/\/www.henrifrick.be\/?p=3937","title":{"rendered":"R\u00e9union de rentr\u00e9e &#8211; Primaires"},"content":{"rendered":"<p>Chers parents,<\/p>\n<blockquote><p>Afin de bien commencer cette nouvelle ann\u00e9e scolaire et de favoriser une bonne collaboration entre l\u2019\u00e9cole et les familles, la r\u00e9union de rentr\u00e9e est obligatoire pour tous les parents des \u00e9l\u00e8ves du primaire.<\/p>\n<p><strong>Date : jeudi 10 septembre 2026<\/strong><\/p><\/blockquote>\n<p>Cette rencontre se d\u00e9roulera en plusieurs temps afin de vous permettre de d\u00e9couvrir le fonctionnement de l\u2019\u00e9cole, de rencontrer les diff\u00e9rentes \u00e9quipes et d\u2019\u00e9changer avec les enseignants.<\/p>\n<p>1. ACCUEIL DE TOUS LES PARENTS \u2013 15h30 \u00e0 16h10<\/p>\n<p>\ud83d\udccd Salle de gymnastique<\/p>\n<p>Tous les parents du primaire seront accueillis pour une pr\u00e9sentation g\u00e9n\u00e9rale de l\u2019\u00e9cole.<\/p>\n<p>Nous aborderons notamment :<\/p>\n<ul>\n<li>les attentes de l\u2019\u00e9cole envers les \u00e9l\u00e8ves et les familles ;<\/li>\n<li>les principaux \u00e9l\u00e9ments du r\u00e8glement d\u2019ordre int\u00e9rieur, pr\u00e9sent\u00e9s de mani\u00e8re simplifi\u00e9e avec l\u2019aide de nos m\u00e9diateurs et de l\u2019\u00e9ducateur de l\u2019\u00e9cole ;<\/li>\n<li>le fonctionnement g\u00e9n\u00e9ral de l\u2019\u00e9cole ;<\/li>\n<li>la pr\u00e9sentation des diff\u00e9rentes \u00e9quipes : \u00e9quipe p\u00e9dagogique, assistante sociale, \u00e9ducateur, CPMS et m\u00e9diateurs.<\/li>\n<\/ul>\n<p>\ud83c\udfeb 2. RENCONTRE DANS LES CLASSES \u2013 16h15 \u00e0 17h00<\/p>\n<p>Les parents rejoindront ensuite la classe de leur enfant afin de rencontrer l\u2019enseignant(e).<\/p>\n<p>Ce moment permettra de d\u00e9couvrir :<\/p>\n<ul>\n<li>le d\u00e9roulement de l\u2019ann\u00e9e scolaire ;<\/li>\n<li>l\u2019organisation et les attentes de la classe ;<\/li>\n<li>les informations importantes concernant QUESTI, les bulletins, les sorties et les activit\u00e9s scolaires ;<\/li>\n<li>la distribution et l\u2019explication des documents relatifs \u00e0 la gratuit\u00e9 scolaire ;<\/li>\n<li>la compl\u00e9tion et la v\u00e9rification de certains documents administratifs (adresse mail);<\/li>\n<li>un petit moment p\u00e9dagogique propos\u00e9 par l\u2019enseignant(e).<\/li>\n<\/ul>\n<p>\ud83c\udf0d 3. UN MOMENT CONVIVIAL \u00c0 PARTAGER \u2013 17h00 \u00e0 18h00<\/p>\n<p>Pour terminer cette rencontre sur une note chaleureuse et conviviale, nous invitons les parents qui le souhaitent \u00e0 apporter un met de leur pays ou de leur culture afin de le partager avec l\u2019ensemble de l\u2019\u00e9quipe de l\u2019\u00e9cole.<\/p>\n<p>\ud83e\udd58 Un petit plat, une sp\u00e9cialit\u00e9, une douceur\u2026 toutes les cultures sont les bienvenues !<br \/>\nMerci d\u2019informer l\u2019enseignant(e) de ce que vous apporterez afin de pouvoir pr\u00e9voir les tables n\u00e9cessaires.<\/p>\n<p>Ce sera l\u2019occasion de partager un moment ensemble, de d\u00e9couvrir nos diff\u00e9rentes cultures et de renforcer les liens entre les familles et l\u2019\u00e9quipe \u00e9ducative.<\/p>\n<p>\ud83e\udd1d Votre pr\u00e9sence est importante !<\/p>\n<p>Nous comptons sur la pr\u00e9sence de tous les parents afin de commencer cette ann\u00e9e scolaire dans les meilleures conditions et de construire ensemble une relation de confiance au service de la r\u00e9ussite et du bien-\u00eatre de chaque enfant.<\/p>\n<p>Merci pour votre pr\u00e9sence et votre collaboration.<\/p>\n<p>Au plaisir de vous retrouver nombreux !<\/p>\n<p><img loading=\"lazy\" decoding=\"async\" class=\"alignnone wp-image-3938 size-medium\" src=\"https:\/\/www.henrifrick.be\/wp-content\/uploads\/2026\/09\/Avis-de-rentree-questi-640x960.png\" alt=\"\" width=\"640\" height=\"960\" srcset=\"https:\/\/www.henrifrick.be\/wp-content\/uploads\/2026\/09\/Avis-de-rentree-questi-640x960.png 640w, https:\/\/www.henrifrick.be\/wp-content\/uploads\/2026\/09\/Avis-de-rentree-questi-768x1152.png 768w, https:\/\/www.henrifrick.be\/wp-content\/uploads\/2026\/09\/Avis-de-rentree-questi-320x480.png 320w, https:\/\/www.henrifrick.be\/wp-content\/uploads\/2026\/09\/Avis-de-rentree-questi.png 1024w\" sizes=\"auto, (max-width: 640px) 100vw, 640px\" \/><\/p>\n<div class=\"pvc_clear\"><\/div>\n<p id=\"pvc_stats_3937\" class=\"pvc_stats all  \" data-element-id=\"3937\" style=\"\"><i class=\"pvc-stats-icon small\" aria-hidden=\"true\"><svg aria-hidden=\"true\" focusable=\"false\" data-prefix=\"far\" data-icon=\"chart-bar\" role=\"img\" xmlns=\"http:\/\/www.w3.org\/2000\/svg\" viewBox=\"0 0 512 512\" class=\"svg-inline--fa fa-chart-bar fa-w-16 fa-2x\"><path fill=\"currentColor\" d=\"M396.8 352h22.4c6.4 0 12.8-6.4 12.8-12.8V108.8c0-6.4-6.4-12.8-12.8-12.8h-22.4c-6.4 0-12.8 6.4-12.8 12.8v230.4c0 6.4 6.4 12.8 12.8 12.8zm-192 0h22.4c6.4 0 12.8-6.4 12.8-12.8V140.8c0-6.4-6.4-12.8-12.8-12.8h-22.4c-6.4 0-12.8 6.4-12.8 12.8v198.4c0 6.4 6.4 12.8 12.8 12.8zm96 0h22.4c6.4 0 12.8-6.4 12.8-12.8V204.8c0-6.4-6.4-12.8-12.8-12.8h-22.4c-6.4 0-12.8 6.4-12.8 12.8v134.4c0 6.4 6.4 12.8 12.8 12.8zM496 400H48V80c0-8.84-7.16-16-16-16H16C7.16 64 0 71.16 0 80v336c0 17.67 14.33 32 32 32h464c8.84 0 16-7.16 16-16v-16c0-8.84-7.16-16-16-16zm-387.2-48h22.4c6.4 0 12.8-6.4 12.8-12.8v-70.4c0-6.4-6.4-12.8-12.8-12.8h-22.4c-6.4 0-12.8 6.4-12.8 12.8v70.4c0 6.4 6.4 12.8 12.8 12.8z\" class=\"\"><\/path><\/svg><\/i> <img loading=\"lazy\" decoding=\"async\" width=\"16\" height=\"16\" alt=\"Loading\" src=\"https:\/\/www.henrifrick.be\/wp-content\/plugins\/page-views-count\/ajax-loader-2x.gif\" border=0 \/><\/p>\n<div class=\"pvc_clear\"><\/div>\n","protected":false},"excerpt":{"rendered":"<p>Chers parents, Afin de bien commencer cette nouvelle ann\u00e9e scolaire et de favoriser une bonne collaboration entre l\u2019\u00e9cole et les familles, la r\u00e9union de rentr\u00e9e est obligatoire pour tous les parents des \u00e9l\u00e8ves du primaire. Date : jeudi 10 septembre 2026 Cette rencontre se d\u00e9roulera en plusieurs temps afin de vous permettre de d\u00e9couvrir le&#8230;<\/p>\n<div class=\"pvc_clear\"><\/div>\n<p id=\"pvc_stats_3937\" class=\"pvc_stats all  \" data-element-id=\"3937\" style=\"\"><i class=\"pvc-stats-icon small\" aria-hidden=\"true\"><svg aria-hidden=\"true\" focusable=\"false\" data-prefix=\"far\" data-icon=\"chart-bar\" role=\"img\" xmlns=\"http:\/\/www.w3.org\/2000\/svg\" viewBox=\"0 0 512 512\" class=\"svg-inline--fa fa-chart-bar fa-w-16 fa-2x\"><path fill=\"currentColor\" d=\"M396.8 352h22.4c6.4 0 12.8-6.4 12.8-12.8V108.8c0-6.4-6.4-12.8-12.8-12.8h-22.4c-6.4 0-12.8 6.4-12.8 12.8v230.4c0 6.4 6.4 12.8 12.8 12.8zm-192 0h22.4c6.4 0 12.8-6.4 12.8-12.8V140.8c0-6.4-6.4-12.8-12.8-12.8h-22.4c-6.4 0-12.8 6.4-12.8 12.8v198.4c0 6.4 6.4 12.8 12.8 12.8zm96 0h22.4c6.4 0 12.8-6.4 12.8-12.8V204.8c0-6.4-6.4-12.8-12.8-12.8h-22.4c-6.4 0-12.8 6.4-12.8 12.8v134.4c0 6.4 6.4 12.8 12.8 12.8zM496 400H48V80c0-8.84-7.16-16-16-16H16C7.16 64 0 71.16 0 80v336c0 17.67 14.33 32 32 32h464c8.84 0 16-7.16 16-16v-16c0-8.84-7.16-16-16-16zm-387.2-48h22.4c6.4 0 12.8-6.4 12.8-12.8v-70.4c0-6.4-6.4-12.8-12.8-12.8h-22.4c-6.4 0-12.8 6.4-12.8 12.8v70.4c0 6.4 6.4 12.8 12.8 12.8z\" class=\"\"><\/path><\/svg><\/i> <img loading=\"lazy\" decoding=\"async\" width=\"16\" height=\"16\" alt=\"Loading\" src=\"https:\/\/www.henrifrick.be\/wp-content\/plugins\/page-views-count\/ajax-loader-2x.gif\" border=0 \/><\/p>\n<div class=\"pvc_clear\"><\/div>\n","protected":false},"author":1,"featured_media":2535,"comment_status":"closed","ping_status":"closed","sticky":false,"template":"","format":"standard","meta":{"footnotes":""},"categories":[59],"tags":[60],"class_list":["post-3937","post","type-post","status-publish","format-standard","has-post-thumbnail","hentry","category-reunions","tag-reunion"],"_links":{"self":[{"href":"https:\/\/www.henrifrick.be\/index.php?rest_route=\/wp\/v2\/posts\/3937","targetHints":{"allow":["GET"]}}],"collection":[{"href":"https:\/\/www.henrifrick.be\/index.php?rest_route=\/wp\/v2\/posts"}],"about":[{"href":"https:\/\/www.henrifrick.be\/index.php?rest_route=\/wp\/v2\/types\/post"}],"author":[{"embeddable":true,"href":"https:\/\/www.henrifrick.be\/index.php?rest_route=\/wp\/v2\/users\/1"}],"replies":[{"embeddable":true,"href":"https:\/\/www.henrifrick.be\/index.php?rest_route=%2Fwp%2Fv2%2Fcomments&post=3937"}],"version-history":[{"count":3,"href":"https:\/\/www.henrifrick.be\/index.php?rest_route=\/wp\/v2\/posts\/3937\/revisions"}],"predecessor-version":[{"id":3942,"href":"https:\/\/www.henrifrick.be\/index.php?rest_route=\/wp\/v2\/posts\/3937\/revisions\/3942"}],"wp:featuredmedia":[{"embeddable":true,"href":"https:\/\/www.henrifrick.be\/index.php?rest_route=\/wp\/v2\/media\/2535"}],"wp:attachment":[{"href":"https:\/\/www.henrifrick.be\/index.php?rest_route=%2Fwp%2Fv2%2Fmedia&parent=3937"}],"wp:term":[{"taxonomy":"category","embeddable":true,"href":"https:\/\/www.henrifrick.be\/index.php?rest_route=%2Fwp%2Fv2%2Fcategories&post=3937"},{"taxonomy":"post_tag","embeddable":true,"href":"https:\/\/www.henrifrick.be\/index.php?rest_route=%2Fwp%2Fv2%2Ftags&post=3937"}],"curies":[{"name":"wp","href":"https:\/\/api.w.org\/{rel}","templated":true}]}}